{"id":1475,"date":"2025-02-10T13:21:55","date_gmt":"2025-02-10T12:21:55","guid":{"rendered":"http:\/\/www.radziejowskidomkultury.pl\/?p=1475"},"modified":"2025-02-10T13:21:57","modified_gmt":"2025-02-10T12:21:57","slug":"kabaret-trzecia-strona-medalu-12-kwietnia-2025-r","status":"publish","type":"post","link":"http:\/\/www.radziejowskidomkultury.pl\/index.php\/2025\/02\/10\/kabaret-trzecia-strona-medalu-12-kwietnia-2025-r\/","title":{"rendered":"Kabaret &#8222;Trzecia Strona Medalu&#8221; &#8211; 12 kwietnia 2025 r."},"content":{"rendered":"\n<p>Premiera! Nowy program Kabaretu Trzecia Strona Medalu!<\/p>\n\n\n\n<p>Program pt. &#8222;Zuchwa\u0142o\u015b\u0107 rzeczy marnych&#8221;! Tym razem ods\u0142onimy trzeci\u0105 stron\u0119 medalu sytuacji z kt\u00f3rymi uto\u017csami\u0107 mo\u017ce si\u0119 ka\u017cdy z nas, kt\u00f3re wywo\u0142uj\u0105 emocje, sp\u0119dzaj\u0105 sen z powiek, podnosz\u0105 ci\u015bnienie, gotuj\u0105 wod\u0119 w czajniku ale ostatecznie&#8230; no w\u0142a\u015bnie! Humor nie do opisania a do do\u015bwiadczenia na w\u0142asnej sk\u00f3rze. Skierowany bezpo\u015brednio w stron\u0119 widza i nastawiony na <a><\/a>interakcje z publiczno\u015bci\u0105. Spodziewaj si\u0119 niespodziewanego! Czekaj\u0105 na Ciebie premierowe numery, piosenki, skecze z Ryjka 2023 (wygranego przez nas po raz drugi, decyzj\u0105 publiczno\u015bci Konkursu Na Boczku Rybnickiej Jesieni Kabaretowej) a i znajdzie si\u0119 miejsce na HITA z ostatniego programu! Wszystko to okraszone muzyk\u0105 na \u017cywo na akordeonie! Na scenie niezmiennie: Marek Gajewski, Wojciech Smyk, \u0141ukasz Adamus i Szczepan Szubzda! Nie mo\u017ce Ci\u0119 zabrakn\u0105\u0107! Bez ciebie nie gramy! Chyba, \u017ce zamiast Ciebie przyjdzie kto\u015b inny.<\/p>\n\n\n\n<p>Bilety: 70 z\u0142<\/p>\n\n\n\n<p>Ulubie\u0144cy publiczno\u015bci! Zwyci\u0119zcy najwi\u0119kszych festiwali kabaretowych! W tym:<\/p>\n\n\n\n<p>&#8211; Zwyci\u0119zcy Ryjkowego Konkursu na Boczku &#8222;27.RYJEK 2023&#8221; w Rybniku! (decyzja publiczno\u015bci),<\/p>\n\n\n\n<p>&#8211; Laureaci Grand Prix 20. Festiwalu &#8222;TRYBUNA\u0141Y U\u015aMIECHU 2023&#8221; w Piotrkowie Trybunalskim!<\/p>\n\n\n\n<p>&#8211; Laureaci I Nagrody podczas 23. Festiwalu Kabaretowego &#8222;FERMENTY 2019\u2033 w Bielsku-Bia\u0142ej! (decyzja publiczno\u015bci). Laureaci III Nagrody oraz Nagrody Publiczno\u015bci podczas 44. Lidzbarskich Wieczor\u00f3w Humoru i Satyry &#8222;LWHiS 2023\u2033 w Lidzbarku Warmi\u0144skim!<\/p>\n\n\n\n<p>&#8211; Laureaci II Nagrody oraz Nagrody Publiczno\u015bci podczas 40. Turnieju \u0141garzy w Bogatyni!<\/p>\n\n\n\n<p>Kabaret Trzecia Strona Medalu zosta\u0142 zainicjowany w 2011 w Przemy\u015blu, a od 2013 roku zwi\u0105zany jest z krakowsk\u0105 scen\u0105 kabaretow\u0105. To paczka facet\u00f3w o satyrycznym i prze\u015bmiewczym podej\u015bciu do \u017cycia, kt\u00f3rych zainteresowanie przerodzi\u0142o si\u0119 w pasj\u0119. To mieszanka m\u0142odo\u015bci i do\u015bwiadczenia przy akompaniamencie akordeonu. Obro\u0144cy piosenki kabaretowej. Uczestnicy ponad 90 festiwali kabaretowych, laureaci ponad 70 nagr\u00f3d i wyr\u00f3\u017cnie\u0144, w tym zwyci\u0119zcy Ryjkowego Konkursu na Boczku 2022 i 2023!<\/p>\n\n\n\n<p>Bilety dost\u0119pne w serwisie <a href=\"https:\/\/l.facebook.com\/l.php?u=http%3A%2F%2Fkupbilecik.pl%2F%3Ffbclid%3DIwZXh0bgNhZW0CMTAAAR09rbBqPolD7e3xyuRqz5z8Xh4uo6HJqe_ZMiObS5L94THV-gu7eXNqDvQ_aem_d-mXqVukr3jMztPLHfuFHQ&amp;h=AT3gam7GxzKT6v2hNV6LHLVhwgV8U7UoE7LjkjnuxkUYyovN84NXNhgJDhFaN6yUDbwoyOpzcLMAWUaKYiTChLtB4Ykj29C7ALEKXMXb_IgndN45JpFnZFuDrNT7ArrGgYxd&amp;__tn__=-UK-R&amp;c[0]=AT3H-6rjbDZIdUzon5Q1uyY-gkQKv_8m4JkESWtqKgFBR46RHCbsFjTQouziMAIjilyB64m8-INaMsVLcU332n6EED_PgdtNXtWOcBTCz1MIFL1_A4tbqy-ocudbeHRcO2x7-B4qh3Y796corl_dUVMIoPx0GPAPM06Id-KmGlcu0jLnYRU_qE6_kBhIHght70juYtUpme8NPYudpGRTT_Vxkvs\" rel=\"noreferrer noopener\" target=\"_blank\">kupbilecik.pl<\/a> oraz w serwisie <a href=\"https:\/\/l.facebook.com\/l.php?u=http%3A%2F%2Fbiletyna.pl%2F%3Ffbclid%3DIwZXh0bgNhZW0CMTAAAR23vlOAy3ZWI9rZijScXhbT7xonRUNzitfHswD8TovO_8o1YxfLjETNE6U_aem_cW2rfUpKi4AYOLmheMpvtw&amp;h=AT3vhggWKJzbed-QewfPX2ygAiB35850P2lEFL2l7u9N79QGQkmijHsY5sMbjC1MziTKQ2wCPzs5O6kyoBeuO86r-vKLDA0sVIGeVt49ciorjzMH8vTDWkM5yrknijSwS13B&amp;__tn__=-UK-R&amp;c[0]=AT3H-6rjbDZIdUzon5Q1uyY-gkQKv_8m4JkESWtqKgFBR46RHCbsFjTQouziMAIjilyB64m8-INaMsVLcU332n6EED_PgdtNXtWOcBTCz1MIFL1_A4tbqy-ocudbeHRcO2x7-B4qh3Y796corl_dUVMIoPx0GPAPM06Id-KmGlcu0jLnYRU_qE6_kBhIHght70juYtUpme8NPYudpGRTT_Vxkvs\" rel=\"noreferrer noopener\" target=\"_blank\">biletyna.pl<\/a> pod poni\u017cszym linkiem:<\/p>\n\n\n\n<p><a href=\"https:\/\/www.kupbilecik.pl\/imprezy\/154978\/Radziej%C3%B3w\/Kabaret+Trzecia+Strona+Medalu\">https:\/\/www.kupbilecik.pl\/imprezy\/154978\/Radziej%C3%B3w\/Kabaret+Trzecia+Strona+Medalu<\/a><\/p>\n\n\n\n<p><a href=\"https:\/\/biletyna.pl\/event\/view\/id\/505489\">https:\/\/biletyna.pl\/event\/view\/id\/505489<\/a><\/p>\n\n\n\n<figure class=\"wp-block-image size-full\"><img loading=\"lazy\" decoding=\"async\" width=\"905\" height=\"473\" src=\"http:\/\/www.radziejowskidomkultury.pl\/wp-content\/uploads\/2025\/02\/dp01ms1rk7dkee97.webp\" alt=\"\" class=\"wp-image-1476\" srcset=\"http:\/\/www.radziejowskidomkultury.pl\/wp-content\/uploads\/2025\/02\/dp01ms1rk7dkee97.webp 905w, http:\/\/www.radziejowskidomkultury.pl\/wp-content\/uploads\/2025\/02\/dp01ms1rk7dkee97-300x157.webp 300w, http:\/\/www.radziejowskidomkultury.pl\/wp-content\/uploads\/2025\/02\/dp01ms1rk7dkee97-768x401.webp 768w\" sizes=\"auto, (max-width: 905px) 100vw, 905px\" \/><\/figure>\n","protected":false},"excerpt":{"rendered":"<p>Premiera! Nowy program Kabaretu Trzecia Strona Medalu! Program pt. &#8222;Zuchwa\u0142o\u015b\u0107 rzeczy marnych&#8221;! Tym razem ods\u0142onimy trzeci\u0105 stron\u0119 medalu sytuacji z kt\u00f3rymi uto\u017csami\u0107 mo\u017ce si\u0119 ka\u017cdy z nas, kt\u00f3re wywo\u0142uj\u0105 emocje, sp\u0119dzaj\u0105 sen z powiek, podnosz\u0105 ci\u015bnienie, gotuj\u0105 wod\u0119 w czajniku<\/p>\n","protected":false},"author":2,"featured_media":1476,"comment_status":"closed","ping_status":"closed","sticky":false,"template":"","format":"standard","meta":{"footnotes":""},"categories":[1],"tags":[],"class_list":["post-1475","post","type-post","status-publish","format-standard","has-post-thumbnail","hentry","category-bez-kategorii","gallery-content-unit"],"_links":{"self":[{"href":"http:\/\/www.radziejowskidomkultury.pl\/index.php\/wp-json\/wp\/v2\/posts\/1475","targetHints":{"allow":["GET"]}}],"collection":[{"href":"http:\/\/www.radziejowskidomkultury.pl\/index.php\/wp-json\/wp\/v2\/posts"}],"about":[{"href":"http:\/\/www.radziejowskidomkultury.pl\/index.php\/wp-json\/wp\/v2\/types\/post"}],"author":[{"embeddable":true,"href":"http:\/\/www.radziejowskidomkultury.pl\/index.php\/wp-json\/wp\/v2\/users\/2"}],"replies":[{"embeddable":true,"href":"http:\/\/www.radziejowskidomkultury.pl\/index.php\/wp-json\/wp\/v2\/comments?post=1475"}],"version-history":[{"count":1,"href":"http:\/\/www.radziejowskidomkultury.pl\/index.php\/wp-json\/wp\/v2\/posts\/1475\/revisions"}],"predecessor-version":[{"id":1477,"href":"http:\/\/www.radziejowskidomkultury.pl\/index.php\/wp-json\/wp\/v2\/posts\/1475\/revisions\/1477"}],"wp:featuredmedia":[{"embeddable":true,"href":"http:\/\/www.radziejowskidomkultury.pl\/index.php\/wp-json\/wp\/v2\/media\/1476"}],"wp:attachment":[{"href":"http:\/\/www.radziejowskidomkultury.pl\/index.php\/wp-json\/wp\/v2\/media?parent=1475"}],"wp:term":[{"taxonomy":"category","embeddable":true,"href":"http:\/\/www.radziejowskidomkultury.pl\/index.php\/wp-json\/wp\/v2\/categories?post=1475"},{"taxonomy":"post_tag","embeddable":true,"href":"http:\/\/www.radziejowskidomkultury.pl\/index.php\/wp-json\/wp\/v2\/tags?post=1475"}],"curies":[{"name":"wp","href":"https:\/\/api.w.org\/{rel}","templated":true}]}}